{"id":3128,"date":"2019-07-28T22:03:42","date_gmt":"2019-07-28T22:03:42","guid":{"rendered":"https:\/\/bkpicof.smainternational.org\/?p=3128"},"modified":"2019-07-28T22:03:42","modified_gmt":"2019-07-28T22:03:42","slug":"laudato-si","status":"publish","type":"post","link":"https:\/\/icofprogram.org\/fr\/laudato-si\/","title":{"rendered":"LAUDATO SI\u2019"},"content":{"rendered":"<p><a href=\"https:\/\/icofprogram.org\/wp-content\/uploads\/2019\/09\/P.-James.jpg\"><img loading=\"lazy\" decoding=\"async\" class=\"alignnone size-medium wp-image-3129\" src=\"https:\/\/icofprogram.org\/wp-content\/uploads\/2019\/09\/P.-James-300x285.jpg\" alt=\"\" width=\"300\" height=\"285\" srcset=\"https:\/\/icofprogram.org\/wp-content\/uploads\/2019\/09\/P.-James-300x285.jpg 300w, https:\/\/icofprogram.org\/wp-content\/uploads\/2019\/09\/P.-James-1024x971.jpg 1024w, https:\/\/icofprogram.org\/wp-content\/uploads\/2019\/09\/P.-James-768x728.jpg 768w, https:\/\/icofprogram.org\/wp-content\/uploads\/2019\/09\/P.-James.jpg 1318w\" sizes=\"auto, (max-width: 300px) 100vw, 300px\" \/><\/a><br \/>\n<span style=\"font-size: 14pt;\">Nous avons consacr\u00e9 deux jours, le 5 et 6 ao\u00fbt pour parler de l\u2019encyclique \u00ab Laudatsi\u2019 \u00bb du pape Fran\u00e7ois. <\/span><br \/>\n<span style=\"font-size: 14pt;\">C&#8217;est un message qui est \u00e0 la fois joyeux et dramatique :<\/span><br \/>\n<span style=\"font-size: 14pt;\">Joyeux parce qu\u2019il nous invite \u00e0 la contemplation et la louange de la cr\u00e9ation. <\/span><br \/>\n<span style=\"font-size: 14pt;\">Dramatique \u00e0 cause des destructions caus\u00e9es par l&#8217;\u00eatre humain. <\/span><br \/>\n<span style=\"font-size: 14pt;\">Le premier jour, nous avons consacr\u00e9 \u00e0 l&#8217;introduction pour saisir le message principal : il s&#8217;agissait de prendre conscience et d&#8217;identifier nos propres contributions \u00e0 la destruction de la terre et \u00e0 la souffrance des pauvres.<\/span><br \/>\n<span style=\"font-size: 14pt;\">Apr\u00e8s un travail en petit groupe, o\u00f9 nous avons partag\u00e9 sur les mani\u00e8res concr\u00e8tes dont nous participons \u00e0 la sauvegarde et \u00e0 la destruction de la terre et comment adopter un comportement responsable pour la sauvegarde de notre maison commune. <\/span><br \/>\n<span style=\"font-size: 14pt;\">Dans la remont\u00e9e en grand groupe, nous \u00e9tions tous invit\u00e9s \u00e0 prendre conscience et \u00e0 nous mettre en face de la r\u00e9alit\u00e9 de l&#8217;humanit\u00e9 qui souffre.<\/span><br \/>\n<span style=\"font-size: 14pt;\">Invit\u00e9s \u00e0 une \u00e9cologie int\u00e9grale et \u00e0 la conversion, au changement de mentalit\u00e9 nous sommes responsables de prendre soin non seulement de la nature mais aussi des uns des et des autres surtout des plus pauvres.<\/span><br \/>\n<span style=\"font-size: 14pt;\">Nous sommes invit\u00e9s \u00e0 avoir un regard d&#8217;amour et de louange pour croire en la capacit\u00e9 de l&#8217;\u00eatre humain de changer.<\/span><br \/>\n<span style=\"font-size: 14pt;\">Le deuxi\u00e8me jour, nous avons parcouru quelques d\u00e9fis et comportements d\u00e9nonc\u00e9s par l\u2019encyclique dont :<\/span><br \/>\n<span style=\"font-size: 14pt;\">&#8211; Le r\u00e9chauffement de la terre<\/span><br \/>\n<span style=\"font-size: 14pt;\">&#8211; Le relativisme pratique<\/span><br \/>\n<span style=\"font-size: 14pt;\">&#8211; Les mythes de la modernit\u00e9 bas\u00e9s sur la mentalit\u00e9 utilitaire<\/span><br \/>\n<span style=\"font-size: 14pt;\">&#8211; L&#8217;individualisme, l&#8217;\u00e9gocentrisme<\/span><br \/>\n<span style=\"font-size: 14pt;\">&#8211; La mauvaise utilisation du pouvoir<\/span><br \/>\n<span style=\"font-size: 14pt;\">&#8211; L&#8217;esclavage par le march\u00e9\u2026<\/span><br \/>\n<span style=\"font-size: 14pt;\">Laudato Si\u2019 ne nous montre pas que des d\u00e9fis, mais elle nous propose aussi des solutions telles que :<\/span><br \/>\n<span style=\"font-size: 14pt;\">&#8211; La minimisation de l&#8217;\u00e9mission du gaz \u00e0 effet de serre <\/span><br \/>\n<span style=\"font-size: 14pt;\">&#8211; La r\u00e9conciliation avec soi, les autres, la cr\u00e9ation et avec Dieu<\/span><br \/>\n<span style=\"font-size: 14pt;\">&#8211; Le style simple de vie<\/span><br \/>\n<span style=\"font-size: 14pt;\">&#8211; Prendre soins des cr\u00e9atures au lieu de les exploiter de fa\u00e7on \u00e9go\u00efste <\/span><br \/>\n<span style=\"font-size: 14pt;\">&#8211; Trouver notre joie dans les actes qui sont amicales \u00e0 l&#8217;\u00e9cologie\u2026<\/span><br \/>\n<span style=\"font-size: 14pt;\">Apr\u00e8s, nous avons vu que notre r\u00f4le en tant que personnes consacr\u00e9es dans la r\u00e9alisation des t\u00e2ches que propose Laudato Si\u2019 est surtout de vivre sinc\u00e8rement notre v\u0153ux de pauvret\u00e9, nous \u00e9panouir en soci\u00e9t\u00e9 et en Dieu et tout cela \u00e0 l\u2019aide d\u2019une spiritualit\u00e9 qui est \u00e9cologiquement responsable.<\/span><br \/>\n<span style=\"font-size: 14pt;\">Nous avons conclu ce module avec ces trois questions que nous devrions d&#8217;abord traiter en petits groupes et plus tard dans notre r\u00e9alit\u00e9 au quotidien :<\/span><br \/>\n<span style=\"font-size: 14pt;\">&#8211; Quel monde voulons-nous laisser aux personnes qui viendront apr\u00e8s nous ?<\/span><br \/>\n<span style=\"font-size: 14pt;\">&#8211; Quel est le but de ma vie ici sur terre? Quel est le but de mes efforts ? De mon travail ?<\/span><br \/>\n<span style=\"font-size: 14pt;\">&#8211; Quels besoins la terre nous demande de l&#8217;aider \u00e0 subvenir ?<\/span><br \/>\n<span style=\"font-size: 14pt;\">Nous avons termin\u00e9 ce module par le cr\u00e9do \u00e9cologique :<\/span><br \/>\n<span style=\"font-size: 14pt;\">\u2022 Je crois, que le Tout-Autre est cr\u00e9ateur des univers dont l\u2019infini peut \u00eatre l\u2019image de sa dimension.<\/span><br \/>\n<span style=\"font-size: 14pt;\">\u2022 Je crois qu\u2019il a &#8220;sem\u00e9&#8221; la vie sur terre et, dans la lente maturation de la mati\u00e8re, qu\u2019il a donn\u00e9 son esprit \u00e0 une esp\u00e8ce, L\u2019HUMAIN, lui conf\u00e9rant aussi l\u2019ach\u00e8vement de la cr\u00e9ation terrestre, \u00e9volution permanente vers une sublimation de l\u2019esprit sur la mati\u00e8re. Ainsi nous sommes donc acteurs, chacun \u00e0 notre place unique et irrempla\u00e7able, de la cr\u00e9ation en devenir.<\/span><br \/>\n<span style=\"font-size: 14pt;\">\u2022 Je crois qu\u2019il s\u2019est incarn\u00e9 dans la condition humaine par J\u00e9sus le Christ, qu\u2019il nous a signifi\u00e9 : &#8220;le Chemin, la V\u00e9rit\u00e9, et la Vie&#8221; et donn\u00e9 sens \u00e0 notre condition en s\u2019immergeant dans la souffrance et en d\u00e9passant la mort corporelle et d\u00e9finitive. <\/span><br \/>\n<span style=\"font-size: 14pt;\">\u2022 Je crois que notre &#8220;salut&#8221; r\u00e9side essentiellement dans la mani\u00e8re dont nous aurons accept\u00e9 et rempli notre r\u00f4le dans cette laborieuse \u00e9volution du &#8220;monde&#8221;. <\/span><br \/>\n<span style=\"font-size: 14pt;\">\u2022 Par notre v\u00e9cu, la cr\u00e9ation recule ou avance vers l\u2019absolu qui nous est propos\u00e9, l\u2019homme debout rejoignant en final le cr\u00e9ateur dans l\u2019AMOUR.<\/span><br \/>\n<span style=\"font-size: 14pt;\">\u2022 S\u2019investir, dans et pour la cr\u00e9ation, c\u2019est croire, esp\u00e9rer \u00e0 la transcendance de l\u2019esp\u00e8ce humaine, c\u2019est plus simplement avoir compris que l\u2019AMOUR est la r\u00e9ponse \u00e0 toute nos interrogations, tous nos probl\u00e8mes quotidiens.<\/span><\/p>","protected":false},"excerpt":{"rendered":"<p>Nous avons consacr\u00e9 deux jours, le 5 et 6 ao\u00fbt pour parler de l\u2019encyclique \u00ab Laudatsi\u2019 \u00bb du pape Fran\u00e7ois. C&#8217;est un message qui est \u00e0 la fois joyeux et dramatique : Joyeux parce qu\u2019il nous invite \u00e0 la contemplation et la louange de la cr\u00e9ation. Dramatique \u00e0 cause des destructions caus\u00e9es par l&#8217;\u00eatre humain. [&hellip;]<\/p>","protected":false},"author":1,"featured_media":3131,"comment_status":"open","ping_status":"open","sticky":false,"template":"","format":"standard","meta":{"om_disable_all_campaigns":false,"_monsterinsights_skip_tracking":false,"_monsterinsights_sitenote_active":false,"_monsterinsights_sitenote_note":"","_monsterinsights_sitenote_category":0,"footnotes":""},"categories":[8],"tags":[],"class_list":["post-3128","post","type-post","status-publish","format-standard","has-post-thumbnail","hentry","category-blog"],"aioseo_notices":[],"jetpack_featured_media_url":"https:\/\/icofprogram.org\/wp-content\/uploads\/2019\/09\/WhatsApp-Image-2019-08-29-at-16.36.29.jpeg","_links":{"self":[{"href":"https:\/\/icofprogram.org\/fr\/wp-json\/wp\/v2\/posts\/3128","targetHints":{"allow":["GET"]}}],"collection":[{"href":"https:\/\/icofprogram.org\/fr\/wp-json\/wp\/v2\/posts"}],"about":[{"href":"https:\/\/icofprogram.org\/fr\/wp-json\/wp\/v2\/types\/post"}],"author":[{"embeddable":true,"href":"https:\/\/icofprogram.org\/fr\/wp-json\/wp\/v2\/users\/1"}],"replies":[{"embeddable":true,"href":"https:\/\/icofprogram.org\/fr\/wp-json\/wp\/v2\/comments?post=3128"}],"version-history":[{"count":0,"href":"https:\/\/icofprogram.org\/fr\/wp-json\/wp\/v2\/posts\/3128\/revisions"}],"wp:featuredmedia":[{"embeddable":true,"href":"https:\/\/icofprogram.org\/fr\/wp-json\/wp\/v2\/media\/3131"}],"wp:attachment":[{"href":"https:\/\/icofprogram.org\/fr\/wp-json\/wp\/v2\/media?parent=3128"}],"wp:term":[{"taxonomy":"category","embeddable":true,"href":"https:\/\/icofprogram.org\/fr\/wp-json\/wp\/v2\/categories?post=3128"},{"taxonomy":"post_tag","embeddable":true,"href":"https:\/\/icofprogram.org\/fr\/wp-json\/wp\/v2\/tags?post=3128"}],"curies":[{"name":"wp","href":"https:\/\/api.w.org\/{rel}","templated":true}]}}